{"id":3566,"date":"2026-05-28T17:55:06","date_gmt":"2026-05-28T15:55:06","guid":{"rendered":"https:\/\/antoniofernandezbravo.com\/?p=3566"},"modified":"2026-08-27T13:00:06","modified_gmt":"2026-08-27T11:00:06","slug":"tec-de-nominas-con-a3nom-barcelona-2-dias-sem-teletrabajo","status":"publish","type":"post","link":"https:\/\/antoniofernandezbravo.com\/en\/tec-de-nominas-con-a3nom-barcelona-2-dias-sem-teletrabajo\/","title":{"rendered":"TEC. DE N\u00d3MINAS CON A3NOM &#8211; BARCELONA (2 D\u00cdAS SEM. TELETRABAJO)"},"content":{"rendered":"<p class=\"has-text-align-left\">Buscamos para Asesor\u00eda \/ Despacho, <strong>T\u00c9CNICO\/A DE N\u00d3MINAS CON A3NOM en Barcelona<\/strong><\/p>\n\n\n\n<p class=\"has-text-align-left\">Se trata de un puesto estable, con contrato indefinido con la propia asesor\u00eda (nosotros hacemos la primera parte del proceso de selecci\u00f3n).<\/p>\n\n\n\n<p class=\"has-text-align-left\">El salario NO nos lo han confirmado, pero estimamos que podr\u00eda estar entre 28.000 y 30.000 euros brutos anuales, dependiendo de la experiencia.<\/p>\n\n\n\n<p class=\"has-text-align-left\">Es un puesto h\u00edbrido, con 2 d\u00edas semanales de Teletrabajo.<\/p>\n\n\n\n<p class=\"has-text-align-left\">El horario es de 9 a 18 h. de lunes a jueves y los viernes de 9 a 14 h. Las oficinas est\u00e1n en la zona de Sarri\u00e1 &#8211; Sant Gervasi.<\/p>\n\n\n\n<p class=\"has-text-align-left\">La persona seleccionada gestionar\u00e1 el ciclo completo de n\u00f3minas de una cartera de clientes (empresas de sectores variados), trabajando con el software A3 NOM y en estrecha colaboraci\u00f3n con el equipo de asesor\u00eda laboral del despacho.<\/p>\n\n\n\n<p class=\"has-text-align-left\"><strong>Funciones:<\/strong><\/p>\n\n\n\n<p class=\"has-text-align-left\">-Elaboraci\u00f3n y revisi\u00f3n del ciclo completo de n\u00f3minas (altas, bajas, variaciones, incidencias, pagas extra) con A3 NOM.<\/p>\n\n\n\n<p class=\"has-text-align-left\">-Gesti\u00f3n de seguros sociales y presentaci\u00f3n de modelos TC1, TC2 y Sistema RED.<\/p>\n\n\n\n<p class=\"has-text-align-left\">-Liquidaciones de IRPF (modelo 111 y 190) y control de retenciones.<\/p>\n\n\n\n<p class=\"has-text-align-left\">-Tramitaci\u00f3n de altas y bajas en la Seguridad Social (SILTRA \/ Sistema RED).<\/p>\n\n\n\n<p class=\"has-text-align-left\">-Atenci\u00f3n a consultas laborales b\u00e1sicas de clientes (incidencias de n\u00f3mina, dudas sobre conceptos salariales, IT, maternidad\/paternidad).<\/p>\n\n\n\n<p class=\"has-text-align-left\">-Control y registro de contratos, pr\u00f3rrogas y comunicaciones al SEPE (contrat@, certific@).<\/p>\n\n\n\n<p class=\"has-text-align-left\"><strong>Requisitos:<\/strong><\/p>\n\n\n\n<p class=\"has-text-align-left\">-Grado en RRLL, ADE, Derecho o similar<\/p>\n\n\n\n<p class=\"has-text-align-left\">-Experiencia m\u00ednima de 1 a\u00f1o en gesti\u00f3n de n\u00f3minas en despacho, asesor\u00eda o gestor\u00eda utilizando A3NOM, Siltra \/ Sistema RED, Contrat@, Certific@ y Excel.<\/p>\n\n\n\n<p class=\"has-text-align-left\">-Nivel de Ingl\u00e9s Medio Alto, equivalente como m\u00ednimo a un B2.<\/p>\n\n\n\n<p class=\"has-text-align-left\">-Hablar catal\u00e1n de forma fluida.<\/p>\n\n\n\n<p class=\"has-text-align-left\">Si te interesa o conoces a alguien que lo pueda estar, me puedes contactar a trav\u00e9s de este email: <a href=\"mailto:info@antoniofernandezbravo.com\">info@antoniofernandezbravo.com<\/a><\/p>\n\n\n\n<figure class=\"wp-block-image size-full is-resized\"><img fetchpriority=\"high\" decoding=\"async\" width=\"1920\" height=\"960\" src=\"https:\/\/antoniofernandezbravo.com\/wp-content\/uploads\/2024\/11\/business-people-are-meeting-for-analysis-data-figu-2022-11-19-02-06-08-utc.webp\" alt=\"\" class=\"wp-image-323\" style=\"aspect-ratio:0.7810480976310122;width:319px;height:auto\" srcset=\"https:\/\/antoniofernandezbravo.com\/wp-content\/uploads\/2024\/11\/business-people-are-meeting-for-analysis-data-figu-2022-11-19-02-06-08-utc.webp 1920w, https:\/\/antoniofernandezbravo.com\/wp-content\/uploads\/2024\/11\/business-people-are-meeting-for-analysis-data-figu-2022-11-19-02-06-08-utc-1024x512.webp 1024w\" sizes=\"(max-width: 1920px) 100vw, 1920px\" \/><\/figure>","protected":false},"excerpt":{"rendered":"<p>Buscamos para Asesor\u00eda \/ Despacho, T\u00c9CNICO\/A DE N\u00d3MINAS CON A3NOM en Barcelona Se trata de un puesto estable, con contrato indefinido con la propia asesor\u00eda (nosotros hacemos la primera parte del proceso de selecci\u00f3n). El salario NO nos lo han confirmado, pero estimamos que podr\u00eda estar entre 28.000 y 30.000 euros brutos anuales, dependiendo de [&hellip;]<\/p>","protected":false},"author":2,"featured_media":0,"comment_status":"closed","ping_status":"closed","sticky":false,"template":"","format":"standard","meta":{"_acf_changed":false,"footnotes":"","_wp_rev_ctl_limit":""},"categories":[1],"tags":[88,67],"class_list":["post-3566","post","type-post","status-publish","format-standard","hentry","category-sin-categoria","tag-a3nom","tag-nominas"],"acf":[],"yoast_head":"<!-- This site is optimized with the Yoast SEO plugin v26.8 - https:\/\/yoast.com\/product\/yoast-seo-wordpress\/ -->\n<title>TEC. DE N\u00d3MINAS CON A3NOM - BARCELONA (2 D\u00cdAS SEM. TELETRABAJO) - Antonio Fern\u00e1ndez Bravo<\/title>\n<meta name=\"description\" content=\"Buscamos para Asesor\u00eda \/ Despacho, T\u00c9CNICO\/A DE N\u00d3MINAS CON A3NOM en Barcelona Se trata de un puesto estable, con contrato indefinido con la propia\" \/>\n<meta name=\"robots\" content=\"index, follow, max-snippet:-1, max-image-preview:large, max-video-preview:-1\" \/>\n<link rel=\"canonical\" href=\"https:\/\/antoniofernandezbravo.com\/en\/tec-de-nominas-con-a3nom-barcelona-2-dias-sem-teletrabajo\/\" \/>\n<meta property=\"og:locale\" content=\"en_GB\" \/>\n<meta property=\"og:type\" content=\"article\" \/>\n<meta property=\"og:title\" content=\"TEC. DE N\u00d3MINAS CON A3NOM - BARCELONA (2 D\u00cdAS SEM. TELETRABAJO) - Antonio Fern\u00e1ndez Bravo\" \/>\n<meta property=\"og:description\" content=\"Buscamos para Asesor\u00eda \/ Despacho, T\u00c9CNICO\/A DE N\u00d3MINAS CON A3NOM en Barcelona Se trata de un puesto estable, con contrato indefinido con la propia\" \/>\n<meta property=\"og:url\" content=\"https:\/\/antoniofernandezbravo.com\/en\/tec-de-nominas-con-a3nom-barcelona-2-dias-sem-teletrabajo\/\" \/>\n<meta property=\"og:site_name\" content=\"Antonio Fern\u00e1ndez Bravo\" \/>\n<meta property=\"article:published_time\" content=\"2026-05-28T15:55:06+00:00\" \/>\n<meta property=\"article:modified_time\" content=\"2026-08-27T11:00:06+00:00\" \/>\n<meta property=\"og:image\" content=\"https:\/\/antoniofernandezbravo.com\/wp-content\/uploads\/2024\/11\/business-people-are-meeting-for-analysis-data-figu-2022-11-19-02-06-08-utc.webp\" \/>\n\t<meta property=\"og:image:width\" content=\"1920\" \/>\n\t<meta property=\"og:image:height\" content=\"960\" \/>\n\t<meta property=\"og:image:type\" content=\"image\/webp\" \/>\n<meta name=\"author\" content=\"admin\" \/>\n<meta name=\"twitter:card\" content=\"summary_large_image\" \/>\n<meta name=\"twitter:creator\" content=\"@afernandezbravo\" \/>\n<meta name=\"twitter:site\" content=\"@afernandezbravo\" \/>\n<meta name=\"twitter:label1\" content=\"Written by\" \/>\n\t<meta name=\"twitter:data1\" content=\"admin\" \/>\n\t<meta name=\"twitter:label2\" content=\"Estimated reading time\" \/>\n\t<meta name=\"twitter:data2\" content=\"2 minutes\" \/>\n<script type=\"application\/ld+json\" class=\"yoast-schema-graph\">{\"@context\":\"https:\/\/schema.org\",\"@graph\":[{\"@type\":[\"Article\",\"BlogPosting\"],\"@id\":\"https:\/\/antoniofernandezbravo.com\/tec-de-nominas-con-a3nom-barcelona-2-dias-sem-teletrabajo\/#article\",\"isPartOf\":{\"@id\":\"https:\/\/antoniofernandezbravo.com\/tec-de-nominas-con-a3nom-barcelona-2-dias-sem-teletrabajo\/\"},\"author\":{\"name\":\"admin\",\"@id\":\"https:\/\/antoniofernandezbravo.com\/en\/#\/schema\/person\/ba16854fae13ec0c6667610d029b9fe8\"},\"headline\":\"TEC. DE N\u00d3MINAS CON A3NOM &#8211; BARCELONA (2 D\u00cdAS SEM. TELETRABAJO)\",\"datePublished\":\"2026-05-28T15:55:06+00:00\",\"dateModified\":\"2026-08-27T11:00:06+00:00\",\"mainEntityOfPage\":{\"@id\":\"https:\/\/antoniofernandezbravo.com\/tec-de-nominas-con-a3nom-barcelona-2-dias-sem-teletrabajo\/\"},\"wordCount\":323,\"publisher\":{\"@id\":\"https:\/\/antoniofernandezbravo.com\/en\/#organization\"},\"image\":{\"@id\":\"https:\/\/antoniofernandezbravo.com\/tec-de-nominas-con-a3nom-barcelona-2-dias-sem-teletrabajo\/#primaryimage\"},\"thumbnailUrl\":\"https:\/\/antoniofernandezbravo.com\/wp-content\/uploads\/2024\/11\/business-people-are-meeting-for-analysis-data-figu-2022-11-19-02-06-08-utc.webp\",\"keywords\":[\"A3NOM\",\"N\u00f3minas\"],\"articleSection\":[\"Sin categor\u00eda\"],\"inLanguage\":\"en-GB\"},{\"@type\":[\"WebPage\",\"ItemPage\"],\"@id\":\"https:\/\/antoniofernandezbravo.com\/tec-de-nominas-con-a3nom-barcelona-2-dias-sem-teletrabajo\/\",\"url\":\"https:\/\/antoniofernandezbravo.com\/tec-de-nominas-con-a3nom-barcelona-2-dias-sem-teletrabajo\/\",\"name\":\"TEC. DE N\u00d3MINAS CON A3NOM - BARCELONA (2 D\u00cdAS SEM. TELETRABAJO) - Antonio Fern\u00e1ndez Bravo\",\"isPartOf\":{\"@id\":\"https:\/\/antoniofernandezbravo.com\/en\/#website\"},\"primaryImageOfPage\":{\"@id\":\"https:\/\/antoniofernandezbravo.com\/tec-de-nominas-con-a3nom-barcelona-2-dias-sem-teletrabajo\/#primaryimage\"},\"image\":{\"@id\":\"https:\/\/antoniofernandezbravo.com\/tec-de-nominas-con-a3nom-barcelona-2-dias-sem-teletrabajo\/#primaryimage\"},\"thumbnailUrl\":\"https:\/\/antoniofernandezbravo.com\/wp-content\/uploads\/2024\/11\/business-people-are-meeting-for-analysis-data-figu-2022-11-19-02-06-08-utc.webp\",\"datePublished\":\"2026-05-28T15:55:06+00:00\",\"dateModified\":\"2026-08-27T11:00:06+00:00\",\"description\":\"Buscamos para Asesor\u00eda \/ Despacho, T\u00c9CNICO\/A DE N\u00d3MINAS CON A3NOM en Barcelona Se trata de un puesto estable, con contrato indefinido con la propia\",\"breadcrumb\":{\"@id\":\"https:\/\/antoniofernandezbravo.com\/tec-de-nominas-con-a3nom-barcelona-2-dias-sem-teletrabajo\/#breadcrumb\"},\"inLanguage\":\"en-GB\",\"potentialAction\":[{\"@type\":\"ReadAction\",\"target\":[\"https:\/\/antoniofernandezbravo.com\/tec-de-nominas-con-a3nom-barcelona-2-dias-sem-teletrabajo\/\"]}]},{\"@type\":\"ImageObject\",\"inLanguage\":\"en-GB\",\"@id\":\"https:\/\/antoniofernandezbravo.com\/tec-de-nominas-con-a3nom-barcelona-2-dias-sem-teletrabajo\/#primaryimage\",\"url\":\"https:\/\/antoniofernandezbravo.com\/wp-content\/uploads\/2024\/11\/business-people-are-meeting-for-analysis-data-figu-2022-11-19-02-06-08-utc.webp\",\"contentUrl\":\"https:\/\/antoniofernandezbravo.com\/wp-content\/uploads\/2024\/11\/business-people-are-meeting-for-analysis-data-figu-2022-11-19-02-06-08-utc.webp\"},{\"@type\":\"BreadcrumbList\",\"@id\":\"https:\/\/antoniofernandezbravo.com\/tec-de-nominas-con-a3nom-barcelona-2-dias-sem-teletrabajo\/#breadcrumb\",\"itemListElement\":[{\"@type\":\"ListItem\",\"position\":1,\"name\":\"Portada\",\"item\":\"https:\/\/antoniofernandezbravo.com\/\"},{\"@type\":\"ListItem\",\"position\":2,\"name\":\"TEC. DE N\u00d3MINAS CON A3NOM &#8211; BARCELONA (2 D\u00cdAS SEM. TELETRABAJO)\"}]},{\"@type\":\"WebSite\",\"@id\":\"https:\/\/antoniofernandezbravo.com\/en\/#website\",\"url\":\"https:\/\/antoniofernandezbravo.com\/en\/\",\"name\":\"Antonio Fern\u00e1ndez Bravo\",\"description\":\"Headhunter - Recruiter\",\"publisher\":{\"@id\":\"https:\/\/antoniofernandezbravo.com\/en\/#organization\"},\"alternateName\":\"Antonio Fern\u00e1ndez Bravo\",\"potentialAction\":[{\"@type\":\"SearchAction\",\"target\":{\"@type\":\"EntryPoint\",\"urlTemplate\":\"https:\/\/antoniofernandezbravo.com\/en\/?s={search_term_string}\"},\"query-input\":{\"@type\":\"PropertyValueSpecification\",\"valueRequired\":true,\"valueName\":\"search_term_string\"}}],\"inLanguage\":\"en-GB\"},{\"@type\":\"Organization\",\"@id\":\"https:\/\/antoniofernandezbravo.com\/en\/#organization\",\"name\":\"Antonio Fern\u00e1ndez Bravo\",\"alternateName\":\"Antonio Fern\u00e1ndez Bravo\",\"url\":\"https:\/\/antoniofernandezbravo.com\/en\/\",\"logo\":{\"@type\":\"ImageObject\",\"inLanguage\":\"en-GB\",\"@id\":\"https:\/\/antoniofernandezbravo.com\/en\/#\/schema\/logo\/image\/\",\"url\":\"https:\/\/antoniofernandezbravo.com\/wp-content\/uploads\/2021\/09\/logo-antonio-fernandez-bravo-hr-consultant-pq2.webp\",\"contentUrl\":\"https:\/\/antoniofernandezbravo.com\/wp-content\/uploads\/2021\/09\/logo-antonio-fernandez-bravo-hr-consultant-pq2.webp\",\"width\":330,\"height\":126,\"caption\":\"Antonio Fern\u00e1ndez Bravo\"},\"image\":{\"@id\":\"https:\/\/antoniofernandezbravo.com\/en\/#\/schema\/logo\/image\/\"},\"sameAs\":[\"https:\/\/x.com\/afernandezbravo\",\"https:\/\/www.antoniofernandezbravo.com\/antoniofernandezbravo\",\"https:\/\/www.linkedin.com\/in\/antoniofernandezbravo\/\"]},{\"@type\":\"Person\",\"@id\":\"https:\/\/antoniofernandezbravo.com\/en\/#\/schema\/person\/ba16854fae13ec0c6667610d029b9fe8\",\"name\":\"admin\",\"image\":{\"@type\":\"ImageObject\",\"inLanguage\":\"en-GB\",\"@id\":\"https:\/\/antoniofernandezbravo.com\/en\/#\/schema\/person\/image\/\",\"url\":\"https:\/\/secure.gravatar.com\/avatar\/3dfa71c4a348d133611839494d34bda90f22ad14a12634e5f3299dd97b345c65?s=96&d=mm&r=g\",\"contentUrl\":\"https:\/\/secure.gravatar.com\/avatar\/3dfa71c4a348d133611839494d34bda90f22ad14a12634e5f3299dd97b345c65?s=96&d=mm&r=g\",\"caption\":\"admin\"},\"url\":\"https:\/\/antoniofernandezbravo.com\/en\/author\/admin\/\"}]}<\/script>\n<!-- \/ Yoast SEO plugin. -->","yoast_head_json":{"title":"TEC. DE N\u00d3MINAS CON A3NOM - BARCELONA (2 D\u00cdAS SEM. TELETRABAJO) - Antonio Fern\u00e1ndez Bravo","description":"Buscamos para Asesor\u00eda \/ Despacho, T\u00c9CNICO\/A DE N\u00d3MINAS CON A3NOM en Barcelona Se trata de un puesto estable, con contrato indefinido con la propia","robots":{"index":"index","follow":"follow","max-snippet":"max-snippet:-1","max-image-preview":"max-image-preview:large","max-video-preview":"max-video-preview:-1"},"canonical":"https:\/\/antoniofernandezbravo.com\/en\/tec-de-nominas-con-a3nom-barcelona-2-dias-sem-teletrabajo\/","og_locale":"en_GB","og_type":"article","og_title":"TEC. DE N\u00d3MINAS CON A3NOM - BARCELONA (2 D\u00cdAS SEM. TELETRABAJO) - Antonio Fern\u00e1ndez Bravo","og_description":"Buscamos para Asesor\u00eda \/ Despacho, T\u00c9CNICO\/A DE N\u00d3MINAS CON A3NOM en Barcelona Se trata de un puesto estable, con contrato indefinido con la propia","og_url":"https:\/\/antoniofernandezbravo.com\/en\/tec-de-nominas-con-a3nom-barcelona-2-dias-sem-teletrabajo\/","og_site_name":"Antonio Fern\u00e1ndez Bravo","article_published_time":"2026-05-28T15:55:06+00:00","article_modified_time":"2026-08-27T11:00:06+00:00","og_image":[{"width":1920,"height":960,"url":"https:\/\/antoniofernandezbravo.com\/wp-content\/uploads\/2024\/11\/business-people-are-meeting-for-analysis-data-figu-2022-11-19-02-06-08-utc.webp","type":"image\/webp"}],"author":"admin","twitter_card":"summary_large_image","twitter_creator":"@afernandezbravo","twitter_site":"@afernandezbravo","twitter_misc":{"Written by":"admin","Estimated reading time":"2 minutes"},"schema":{"@context":"https:\/\/schema.org","@graph":[{"@type":["Article","BlogPosting"],"@id":"https:\/\/antoniofernandezbravo.com\/tec-de-nominas-con-a3nom-barcelona-2-dias-sem-teletrabajo\/#article","isPartOf":{"@id":"https:\/\/antoniofernandezbravo.com\/tec-de-nominas-con-a3nom-barcelona-2-dias-sem-teletrabajo\/"},"author":{"name":"admin","@id":"https:\/\/antoniofernandezbravo.com\/en\/#\/schema\/person\/ba16854fae13ec0c6667610d029b9fe8"},"headline":"TEC. DE N\u00d3MINAS CON A3NOM &#8211; BARCELONA (2 D\u00cdAS SEM. TELETRABAJO)","datePublished":"2026-05-28T15:55:06+00:00","dateModified":"2026-08-27T11:00:06+00:00","mainEntityOfPage":{"@id":"https:\/\/antoniofernandezbravo.com\/tec-de-nominas-con-a3nom-barcelona-2-dias-sem-teletrabajo\/"},"wordCount":323,"publisher":{"@id":"https:\/\/antoniofernandezbravo.com\/en\/#organization"},"image":{"@id":"https:\/\/antoniofernandezbravo.com\/tec-de-nominas-con-a3nom-barcelona-2-dias-sem-teletrabajo\/#primaryimage"},"thumbnailUrl":"https:\/\/antoniofernandezbravo.com\/wp-content\/uploads\/2024\/11\/business-people-are-meeting-for-analysis-data-figu-2022-11-19-02-06-08-utc.webp","keywords":["A3NOM","N\u00f3minas"],"articleSection":["Sin categor\u00eda"],"inLanguage":"en-GB"},{"@type":["WebPage","ItemPage"],"@id":"https:\/\/antoniofernandezbravo.com\/tec-de-nominas-con-a3nom-barcelona-2-dias-sem-teletrabajo\/","url":"https:\/\/antoniofernandezbravo.com\/tec-de-nominas-con-a3nom-barcelona-2-dias-sem-teletrabajo\/","name":"TEC. DE N\u00d3MINAS CON A3NOM - BARCELONA (2 D\u00cdAS SEM. TELETRABAJO) - Antonio Fern\u00e1ndez Bravo","isPartOf":{"@id":"https:\/\/antoniofernandezbravo.com\/en\/#website"},"primaryImageOfPage":{"@id":"https:\/\/antoniofernandezbravo.com\/tec-de-nominas-con-a3nom-barcelona-2-dias-sem-teletrabajo\/#primaryimage"},"image":{"@id":"https:\/\/antoniofernandezbravo.com\/tec-de-nominas-con-a3nom-barcelona-2-dias-sem-teletrabajo\/#primaryimage"},"thumbnailUrl":"https:\/\/antoniofernandezbravo.com\/wp-content\/uploads\/2024\/11\/business-people-are-meeting-for-analysis-data-figu-2022-11-19-02-06-08-utc.webp","datePublished":"2026-05-28T15:55:06+00:00","dateModified":"2026-08-27T11:00:06+00:00","description":"Buscamos para Asesor\u00eda \/ Despacho, T\u00c9CNICO\/A DE N\u00d3MINAS CON A3NOM en Barcelona Se trata de un puesto estable, con contrato indefinido con la propia","breadcrumb":{"@id":"https:\/\/antoniofernandezbravo.com\/tec-de-nominas-con-a3nom-barcelona-2-dias-sem-teletrabajo\/#breadcrumb"},"inLanguage":"en-GB","potentialAction":[{"@type":"ReadAction","target":["https:\/\/antoniofernandezbravo.com\/tec-de-nominas-con-a3nom-barcelona-2-dias-sem-teletrabajo\/"]}]},{"@type":"ImageObject","inLanguage":"en-GB","@id":"https:\/\/antoniofernandezbravo.com\/tec-de-nominas-con-a3nom-barcelona-2-dias-sem-teletrabajo\/#primaryimage","url":"https:\/\/antoniofernandezbravo.com\/wp-content\/uploads\/2024\/11\/business-people-are-meeting-for-analysis-data-figu-2022-11-19-02-06-08-utc.webp","contentUrl":"https:\/\/antoniofernandezbravo.com\/wp-content\/uploads\/2024\/11\/business-people-are-meeting-for-analysis-data-figu-2022-11-19-02-06-08-utc.webp"},{"@type":"BreadcrumbList","@id":"https:\/\/antoniofernandezbravo.com\/tec-de-nominas-con-a3nom-barcelona-2-dias-sem-teletrabajo\/#breadcrumb","itemListElement":[{"@type":"ListItem","position":1,"name":"Portada","item":"https:\/\/antoniofernandezbravo.com\/"},{"@type":"ListItem","position":2,"name":"TEC. DE N\u00d3MINAS CON A3NOM &#8211; BARCELONA (2 D\u00cdAS SEM. TELETRABAJO)"}]},{"@type":"WebSite","@id":"https:\/\/antoniofernandezbravo.com\/en\/#website","url":"https:\/\/antoniofernandezbravo.com\/en\/","name":"Antonio Fern\u00e1ndez Bravo","description":"Headhunter - Recruiter","publisher":{"@id":"https:\/\/antoniofernandezbravo.com\/en\/#organization"},"alternateName":"Antonio Fern\u00e1ndez Bravo","potentialAction":[{"@type":"SearchAction","target":{"@type":"EntryPoint","urlTemplate":"https:\/\/antoniofernandezbravo.com\/en\/?s={search_term_string}"},"query-input":{"@type":"PropertyValueSpecification","valueRequired":true,"valueName":"search_term_string"}}],"inLanguage":"en-GB"},{"@type":"Organization","@id":"https:\/\/antoniofernandezbravo.com\/en\/#organization","name":"Antonio Fern\u00e1ndez Bravo","alternateName":"Antonio Fern\u00e1ndez Bravo","url":"https:\/\/antoniofernandezbravo.com\/en\/","logo":{"@type":"ImageObject","inLanguage":"en-GB","@id":"https:\/\/antoniofernandezbravo.com\/en\/#\/schema\/logo\/image\/","url":"https:\/\/antoniofernandezbravo.com\/wp-content\/uploads\/2021\/09\/logo-antonio-fernandez-bravo-hr-consultant-pq2.webp","contentUrl":"https:\/\/antoniofernandezbravo.com\/wp-content\/uploads\/2021\/09\/logo-antonio-fernandez-bravo-hr-consultant-pq2.webp","width":330,"height":126,"caption":"Antonio Fern\u00e1ndez Bravo"},"image":{"@id":"https:\/\/antoniofernandezbravo.com\/en\/#\/schema\/logo\/image\/"},"sameAs":["https:\/\/x.com\/afernandezbravo","https:\/\/www.antoniofernandezbravo.com\/antoniofernandezbravo","https:\/\/www.linkedin.com\/in\/antoniofernandezbravo\/"]},{"@type":"Person","@id":"https:\/\/antoniofernandezbravo.com\/en\/#\/schema\/person\/ba16854fae13ec0c6667610d029b9fe8","name":"admin","image":{"@type":"ImageObject","inLanguage":"en-GB","@id":"https:\/\/antoniofernandezbravo.com\/en\/#\/schema\/person\/image\/","url":"https:\/\/secure.gravatar.com\/avatar\/3dfa71c4a348d133611839494d34bda90f22ad14a12634e5f3299dd97b345c65?s=96&d=mm&r=g","contentUrl":"https:\/\/secure.gravatar.com\/avatar\/3dfa71c4a348d133611839494d34bda90f22ad14a12634e5f3299dd97b345c65?s=96&d=mm&r=g","caption":"admin"},"url":"https:\/\/antoniofernandezbravo.com\/en\/author\/admin\/"}]}},"_links":{"self":[{"href":"https:\/\/antoniofernandezbravo.com\/en\/wp-json\/wp\/v2\/posts\/3566","targetHints":{"allow":["GET"]}}],"collection":[{"href":"https:\/\/antoniofernandezbravo.com\/en\/wp-json\/wp\/v2\/posts"}],"about":[{"href":"https:\/\/antoniofernandezbravo.com\/en\/wp-json\/wp\/v2\/types\/post"}],"author":[{"embeddable":true,"href":"https:\/\/antoniofernandezbravo.com\/en\/wp-json\/wp\/v2\/users\/2"}],"replies":[{"embeddable":true,"href":"https:\/\/antoniofernandezbravo.com\/en\/wp-json\/wp\/v2\/comments?post=3566"}],"version-history":[{"count":1,"href":"https:\/\/antoniofernandezbravo.com\/en\/wp-json\/wp\/v2\/posts\/3566\/revisions"}],"predecessor-version":[{"id":3567,"href":"https:\/\/antoniofernandezbravo.com\/en\/wp-json\/wp\/v2\/posts\/3566\/revisions\/3567"}],"wp:attachment":[{"href":"https:\/\/antoniofernandezbravo.com\/en\/wp-json\/wp\/v2\/media?parent=3566"}],"wp:term":[{"taxonomy":"category","embeddable":true,"href":"https:\/\/antoniofernandezbravo.com\/en\/wp-json\/wp\/v2\/categories?post=3566"},{"taxonomy":"post_tag","embeddable":true,"href":"https:\/\/antoniofernandezbravo.com\/en\/wp-json\/wp\/v2\/tags?post=3566"}],"curies":[{"name":"wp","href":"https:\/\/api.w.org\/{rel}","templated":true}]}}